{"id":3342,"date":"2024-02-07T13:53:05","date_gmt":"2024-02-07T10:53:05","guid":{"rendered":"https:\/\/www.sorbilene.com\/?p=3342"},"modified":"2024-02-09T18:13:17","modified_gmt":"2024-02-09T15:13:17","slug":"apple-m1-ve-m2-islemcili-maclerde-macos-kurtarma-ve-format-atma","status":"publish","type":"post","link":"https:\/\/www.sorbilene.com\/blog\/apple-m1-ve-m2-islemcili-maclerde-macos-kurtarma-ve-format-atma\/","title":{"rendered":"Apple M1 ve M2 \u0130\u015flemcili Mac&#8217;lerde Kurtarma ve Format Atma"},"content":{"rendered":"<div class=\"entry\">\n\n\n<p>Apple&#8217;\u0131n M1 ve M2 \u00e7ipleriyle g\u00fc\u00e7lendirdi\u011fi yeni nesil Mac bilgisayarlar\u0131n\u0131 kullananlar i\u00e7in macOS kurtarma ve format atma i\u015flemleri olduk\u00e7a \u00f6nemlidir. Bu makalede, Apple silicon tabanl\u0131 Mac&#8217;lerde nas\u0131l macOS kurtarma yap\u0131laca\u011f\u0131 ve gerekti\u011finde nas\u0131l format at\u0131laca\u011f\u0131 ad\u0131mlar\u0131n\u0131 bulacaks\u0131n\u0131z.<\/p>\n\n\n\n<p><strong>1. macOS Kurtarma Moduna Ge\u00e7i\u015f:<\/strong><\/p>\n\n\n\n<p>Apple silicon tabanl\u0131 bir Mac bilgisayar\u0131n\u0131z\u0131 kurtarmak i\u00e7in \u015fu ad\u0131mlar\u0131 izleyebilirsiniz:<\/p>\n\n\n\n<ol class=\"wp-block-list\">\n<li><strong>Mac&#8217;inizi Kapat\u0131n:<\/strong> Ba\u015flat d\u00fc\u011fmesine bas\u0131l\u0131 tutarak ya da Apple men\u00fcs\u00fcnden &#8220;Kapat&#8221; se\u00e7ene\u011fini se\u00e7erek Mac&#8217;inizi kapat\u0131n.<\/li>\n\n\n\n<li><strong>Kurtarma Moduna Ge\u00e7in:<\/strong> Mac&#8217;inizi a\u00e7mak i\u00e7in G\u00fc\u00e7 d\u00fc\u011fmesine bas\u0131n ve ard\u0131ndan sesi a\u00e7ma d\u00fc\u011fmesine bas\u0131l\u0131 tutun. &#8220;Mac kurtarma moduna ge\u00e7ti&#8221; yaz\u0131s\u0131 ekranda belirdi\u011finde d\u00fc\u011fmeleri b\u0131rak\u0131n.<\/li>\n\n\n\n<li><strong>\u0130nternet Kurtarma Moduna Ge\u00e7mek (\u0130ste\u011fe Ba\u011fl\u0131):<\/strong> Mac&#8217;inizdeki kurtarma se\u00e7eneklerine eri\u015fmek i\u00e7in \u0130nternet kurtarma modunu kullanabilirsiniz. Bu, Wi-Fi veya Ethernet ba\u011flant\u0131s\u0131 gerektirir. Kurtarma modu ba\u015flad\u0131\u011f\u0131nda size se\u00e7enek sunulacak ve \u0130nternet kurtarma modunu se\u00e7ebilirsiniz.<\/li>\n<\/ol>\n\n\n\n<p><strong>2. macOS Kurtarma \u0130\u015flemleri:<\/strong><\/p>\n\n\n\n<p>Kurtarma moduna ge\u00e7tikten sonra, a\u015fa\u011f\u0131daki i\u015flemleri ger\u00e7ekle\u015ftirebilirsiniz:<\/p>\n\n\n\n<ol class=\"wp-block-list\">\n<li><strong>Disk Yard\u0131mc\u0131 Program\u0131n\u0131 A\u00e7ma:<\/strong> Disk Yard\u0131mc\u0131 Program\u0131, disklerinizi y\u00f6netmek, bi\u00e7imlendirmek ve onarmak i\u00e7in bir ara\u00e7t\u0131r. Kurtarma modunda, &#8220;Disk Yard\u0131mc\u0131 Program\u0131&#8221;n\u0131 se\u00e7erek a\u00e7abilirsiniz.<\/li>\n\n\n\n<li><strong>Disk Bi\u00e7imlendirme:<\/strong> Disk Yard\u0131mc\u0131 Program\u0131&#8217;n\u0131 a\u00e7t\u0131ktan sonra, diskinizi se\u00e7erek &#8220;Sil&#8221; d\u00fc\u011fmesine t\u0131klayabilirsiniz. Bu ad\u0131mda, diskinizi nas\u0131l bi\u00e7imlendirece\u011finize ve b\u00f6l\u00fcmleyece\u011finize karar vermeniz gerekecek.<\/li>\n\n\n\n<li><strong>Yeniden macOS Y\u00fckleyin:<\/strong> Disk Yard\u0131mc\u0131 Program\u0131&#8217;nda, diskinizi sildikten sonra, macOS&#8217;u yeniden y\u00fcklemek i\u00e7in &#8220;Yeniden Y\u00fckle&#8221; se\u00e7ene\u011fini kullanabilirsiniz. Bu se\u00e7enek, macOS&#8217;un yeniden kurulumunu sa\u011flayarak, s\u0131f\u0131rdan bir sistem kurman\u0131za olanak tan\u0131r.<\/li>\n<\/ol>\n\n\n\n<p><strong>3. Sonu\u00e7:<\/strong><\/p>\n\n\n\n<p>Apple silicon tabanl\u0131 Mac&#8217;lerde macOS kurtarma ve format atma i\u015flemleri, kullan\u0131c\u0131lar\u0131n sistemlerini d\u00fczeltebilmesi ve gerekti\u011finde s\u0131f\u0131rdan bir kurulum yapabilmesi i\u00e7in \u00f6nemlidir. Yukar\u0131daki ad\u0131mlar\u0131 izleyerek, Mac&#8217;inizdeki sorunlar\u0131 gidermek veya temiz bir kurulum yapmak m\u00fcmk\u00fcn olacakt\u0131r.<\/p>\n\n\n\n<p><\/p>\n\n\n\n<p><a href=\"https:\/\/www.sorbilene.com\/apple-m1-ve-m2-islemcili-maclerde-macos-kurtarma-ve-format-atma.html\" target=\"_blank\" rel=\"noopener\" title=\"\">Bu Makalede anlat\u0131lan konu hakk\u0131nda haz\u0131rlad\u0131\u011f\u0131m\u0131z video linki a\u015fa\u011f\u0131dad\u0131r.<\/a><\/p>\n\n\n\n<figure class=\"wp-block-embed is-type-video is-provider-youtube wp-block-embed-youtube wp-embed-aspect-16-9 wp-has-aspect-ratio\"><div class=\"wp-block-embed__wrapper\">\n<div class=\"video-responsive\"><iframe loading=\"lazy\" title=\"Use macOS Recovery on a Mac with Apple silicon, Apple M1 M2  Mac&#039;te macOS Kurtarma, Format atma\" width=\"500\" height=\"281\" src=\"https:\/\/www.youtube.com\/embed\/P0dFcL0pL30?feature=oembed\" frameborder=\"0\" allow=\"accelerometer; autoplay; clipboard-write; encrypted-media; gyroscope; picture-in-picture; web-share\" referrerpolicy=\"strict-origin-when-cross-origin\" allowfullscreen><\/iframe><\/div>\n<\/div><\/figure>\n\n\n<\/div>","protected":false},"excerpt":{"rendered":"<p>Apple&#8217;\u0131n M1 ve M2 \u00e7ipleriyle g\u00fc\u00e7lendirdi\u011fi yeni nesil Mac bilgisayarlar\u0131n\u0131 kullananlar i\u00e7in macOS kurtarma ve format atma i\u015flemleri olduk\u00e7a \u00f6nemlidir. Bu makalede, Apple silicon tabanl\u0131 Mac&#8217;lerde nas\u0131l macOS kurtarma yap\u0131laca\u011f\u0131 ve gerekti\u011finde nas\u0131l format at\u0131laca\u011f\u0131 ad\u0131mlar\u0131n\u0131 bulacaks\u0131n\u0131z.<\/p>\n","protected":false},"author":1,"featured_media":3348,"comment_status":"open","ping_status":"open","sticky":false,"template":"","format":"standard","meta":{"om_disable_all_campaigns":false,"_monsterinsights_skip_tracking":false,"_monsterinsights_sitenote_active":false,"_monsterinsights_sitenote_note":"","_monsterinsights_sitenote_category":0,"footnotes":""},"categories":[5659],"tags":[5666],"class_list":{"0":"post-3342","1":"post","2":"type-post","3":"status-publish","4":"format-standard","5":"has-post-thumbnail","7":"category-macbook-arena","8":"tag-apple-m1-ve-m2-islemcili-maclerde-macos-kurtarma-format-atma","9":"anons"},"aioseo_notices":[],"_links":{"self":[{"href":"https:\/\/www.sorbilene.com\/blog\/wp-json\/wp\/v2\/posts\/3342","targetHints":{"allow":["GET"]}}],"collection":[{"href":"https:\/\/www.sorbilene.com\/blog\/wp-json\/wp\/v2\/posts"}],"about":[{"href":"https:\/\/www.sorbilene.com\/blog\/wp-json\/wp\/v2\/types\/post"}],"author":[{"embeddable":true,"href":"https:\/\/www.sorbilene.com\/blog\/wp-json\/wp\/v2\/users\/1"}],"replies":[{"embeddable":true,"href":"https:\/\/www.sorbilene.com\/blog\/wp-json\/wp\/v2\/comments?post=3342"}],"version-history":[{"count":3,"href":"https:\/\/www.sorbilene.com\/blog\/wp-json\/wp\/v2\/posts\/3342\/revisions"}],"predecessor-version":[{"id":3347,"href":"https:\/\/www.sorbilene.com\/blog\/wp-json\/wp\/v2\/posts\/3342\/revisions\/3347"}],"wp:featuredmedia":[{"embeddable":true,"href":"https:\/\/www.sorbilene.com\/blog\/wp-json\/wp\/v2\/media\/3348"}],"wp:attachment":[{"href":"https:\/\/www.sorbilene.com\/blog\/wp-json\/wp\/v2\/media?parent=3342"}],"wp:term":[{"taxonomy":"category","embeddable":true,"href":"https:\/\/www.sorbilene.com\/blog\/wp-json\/wp\/v2\/categories?post=3342"},{"taxonomy":"post_tag","embeddable":true,"href":"https:\/\/www.sorbilene.com\/blog\/wp-json\/wp\/v2\/tags?post=3342"}],"curies":[{"name":"wp","href":"https:\/\/api.w.org\/{rel}","templated":true}]}}